{"id":2203,"date":"2023-03-03T19:11:53","date_gmt":"2023-03-03T17:11:53","guid":{"rendered":"https:\/\/jyvaskylansalonkiorkesteri.net\/?p=2203"},"modified":"2025-03-13T11:03:30","modified_gmt":"2025-03-13T09:03:30","slug":"taikatalvi-konsertin-ryhmakuva-21-1-2023","status":"publish","type":"post","link":"https:\/\/jyvaskylansalonkiorkesteri.net\/en\/galleria\/kuvat\/taikatalvi-konsertin-ryhmakuva-21-1-2023\/","title":{"rendered":"Group photo 21.1.2023"},"content":{"rendered":"<div class=\"alignwide-wrap\" data-block=\"image\">\n<figure class=\"wp-block-image alignwide size-large\"><img decoding=\"async\" width=\"1400\" height=\"919\" data-src=\"http:\/\/jyvaskylansalonkiorkesteri.net\/wp-content\/uploads\/2023\/03\/jso_ryhmakuva_jg7a7782-1400x919.jpg\" alt=\"Jyv\u00e4skyl\u00e4n salonkiorkesterin ryhm\u00e4kuva \/ Group photo by Petri Blomqvist\" class=\"wp-image-2206 lazyload\" data-srcset=\"https:\/\/jyvaskylansalonkiorkesteri.net\/wp-content\/uploads\/2023\/03\/jso_ryhmakuva_jg7a7782-1400x919.jpg 1400w, https:\/\/jyvaskylansalonkiorkesteri.net\/wp-content\/uploads\/2023\/03\/jso_ryhmakuva_jg7a7782-640x420.jpg 640w, https:\/\/jyvaskylansalonkiorkesteri.net\/wp-content\/uploads\/2023\/03\/jso_ryhmakuva_jg7a7782-480x315.jpg 480w, https:\/\/jyvaskylansalonkiorkesteri.net\/wp-content\/uploads\/2023\/03\/jso_ryhmakuva_jg7a7782-768x504.jpg 768w, https:\/\/jyvaskylansalonkiorkesteri.net\/wp-content\/uploads\/2023\/03\/jso_ryhmakuva_jg7a7782-1536x1008.jpg 1536w, https:\/\/jyvaskylansalonkiorkesteri.net\/wp-content\/uploads\/2023\/03\/jso_ryhmakuva_jg7a7782-2048x1344.jpg 2048w, https:\/\/jyvaskylansalonkiorkesteri.net\/wp-content\/uploads\/2023\/03\/jso_ryhmakuva_jg7a7782-18x12.jpg 18w\" data-sizes=\"(max-width: 1400px) 100vw, 1400px\" src=\"data:image\/svg+xml;base64,PHN2ZyB3aWR0aD0iMSIgaGVpZ2h0PSIxIiB4bWxucz0iaHR0cDovL3d3dy53My5vcmcvMjAwMC9zdmciPjwvc3ZnPg==\" style=\"--smush-placeholder-width: 1400px; --smush-placeholder-aspect-ratio: 1400\/919;\" \/><figcaption class=\"wp-element-caption\">Orkesteri Kuokkalan kirkossa Taikatalvi-konsertin j\u00e4lkeen. Kuva Petri Blomqvist 21.1.2023<\/figcaption><\/figure>\n<\/div>","protected":false},"excerpt":{"rendered":"<div class=\"link-more-container\"><a href=\"https:\/\/jyvaskylansalonkiorkesteri.net\/en\/galleria\/kuvat\/taikatalvi-konsertin-ryhmakuva-21-1-2023\/\" class=\"link-more\" aria-label=\"Continue reading Ryhm\u00e4kuva 21.1.2023\">Continue reading&hellip;<\/a><\/div>","protected":false},"author":1,"featured_media":2206,"comment_status":"closed","ping_status":"closed","sticky":false,"template":"","format":"standard","meta":{"_acf_changed":false,"_bbp_topic_count":0,"_bbp_reply_count":0,"_bbp_total_topic_count":0,"_bbp_total_reply_count":0,"_bbp_voice_count":0,"_bbp_anonymous_reply_count":0,"_bbp_topic_count_hidden":0,"_bbp_reply_count_hidden":0,"_bbp_forum_subforum_count":0,"footnotes":""},"categories":[14],"tags":[],"acf":[],"_links":{"self":[{"href":"https:\/\/jyvaskylansalonkiorkesteri.net\/en\/wp-json\/wp\/v2\/posts\/2203"}],"collection":[{"href":"https:\/\/jyvaskylansalonkiorkesteri.net\/en\/wp-json\/wp\/v2\/posts"}],"about":[{"href":"https:\/\/jyvaskylansalonkiorkesteri.net\/en\/wp-json\/wp\/v2\/types\/post"}],"author":[{"embeddable":true,"href":"https:\/\/jyvaskylansalonkiorkesteri.net\/en\/wp-json\/wp\/v2\/users\/1"}],"replies":[{"embeddable":true,"href":"https:\/\/jyvaskylansalonkiorkesteri.net\/en\/wp-json\/wp\/v2\/comments?post=2203"}],"version-history":[{"count":3,"href":"https:\/\/jyvaskylansalonkiorkesteri.net\/en\/wp-json\/wp\/v2\/posts\/2203\/revisions"}],"predecessor-version":[{"id":2263,"href":"https:\/\/jyvaskylansalonkiorkesteri.net\/en\/wp-json\/wp\/v2\/posts\/2203\/revisions\/2263"}],"wp:featuredmedia":[{"embeddable":true,"href":"https:\/\/jyvaskylansalonkiorkesteri.net\/en\/wp-json\/wp\/v2\/media\/2206"}],"wp:attachment":[{"href":"https:\/\/jyvaskylansalonkiorkesteri.net\/en\/wp-json\/wp\/v2\/media?parent=2203"}],"wp:term":[{"taxonomy":"category","embeddable":true,"href":"https:\/\/jyvaskylansalonkiorkesteri.net\/en\/wp-json\/wp\/v2\/categories?post=2203"},{"taxonomy":"post_tag","embeddable":true,"href":"https:\/\/jyvaskylansalonkiorkesteri.net\/en\/wp-json\/wp\/v2\/tags?post=2203"}],"curies":[{"name":"wp","href":"https:\/\/api.w.org\/{rel}","templated":true}]}}